{"id":271,"date":"2025-02-12T10:38:08","date_gmt":"2025-02-12T13:38:08","guid":{"rendered":"https:\/\/infonorte.com.ar\/?p=271"},"modified":"2025-02-12T11:10:28","modified_gmt":"2025-02-12T14:10:28","slug":"elementor-271","status":"publish","type":"post","link":"https:\/\/infonorte.com.ar\/index.php\/2025\/02\/12\/elementor-271\/","title":{"rendered":"\u00abNuevo crimen de guerra\u00bb: Ucrania lanza ataque deliberado contra un internado civil ruso"},"content":{"rendered":"\t\t<div data-elementor-type=\"wp-post\" data-elementor-id=\"271\" class=\"elementor elementor-271\" data-elementor-post-type=\"post\">\n\t\t\t\t<div class=\"elementor-element elementor-element-c354f16 e-flex e-con-boxed e-con e-parent\" data-id=\"c354f16\" data-element_type=\"container\" data-e-type=\"container\">\n\t\t\t\t\t<div class=\"e-con-inner\">\n\t\t\t\t<div class=\"elementor-element elementor-element-fd6db1a elementor-widget elementor-widget-text-editor\" data-id=\"fd6db1a\" data-element_type=\"widget\" data-e-type=\"widget\" data-widget_type=\"text-editor.default\">\n\t\t\t\t<div class=\"elementor-widget-container\">\n\t\t\t\t\t\t\t\t\t<p>El gobernador en funciones de la provincia de Kursk denunci\u00f3 que lo ocurrido representa una \u00abatrocidad inhumana\u00bb que \u00abno tiene perd\u00f3n ni prescripci\u00f3n\u00bb.<\/p><p>Ucrania ha lanzado este s\u00e1bado un ataque deliberado contra un internado en la ciudad rusa de Sudzha, en la provincia de Kursk,\u00a0<a href=\"https:\/\/t.me\/mod_russia\/48463\" target=\"_blank\" rel=\"nofollow noopener noreferrer\">inform\u00f3<\/a>\u00a0el Ministerio de Defensa ruso.<\/p><p>\u00abEl 1 de febrero, las Fuerzas Armadas ucranianas cometieron un nuevo crimen de guerra al lanzar un ataque deliberado con misiles contra un internado en la localidad de Sudzha\u00bb, reza el comunicado del organismo, se\u00f1alando que se trata de un lanzamiento de misiles desde la regi\u00f3n de Sumy.<\/p><p>\u00abEsta provocaci\u00f3n pretende\u00a0<strong>distraer a la opini\u00f3n p\u00fablica mundial<\/strong>\u00a0de las atrocidades cometidas por el r\u00e9gimen de Kiev en la aldea de R\u00fasskoye Por\u00e9chnoye, en la regi\u00f3n de Kursk\u00bb, afirm\u00f3 el ministerio ruso.<\/p><p>Para concluir, la cartera de Defensa rusa critic\u00f3 que este lanzamiento contra una instalaci\u00f3n civil \u00abha demostrado una vez m\u00e1s\u00a0<strong>la naturaleza terrorista e inhumana<\/strong>\u00a0de quienes ostentan el poder en Kiev\u00bb. Actualmente, no hay informaci\u00f3n oficial sobre el n\u00famero de v\u00edctimas del ataque.<\/p><p>El gobernador en funciones de la provincia de Kursk, Alex\u00e1nder Jinshtein,\u00a0<a href=\"https:\/\/t.me\/Hinshtein\/9457\" target=\"_blank\" rel=\"nofollow noopener noreferrer\">escribi\u00f3<\/a>\u00a0en sus redes sociales que lo ocurrido representa una \u00abatrocidad inhumana\u00bb.\u00a0\u00abA\u00fan no hay informaci\u00f3n fiable sobre el n\u00famero de v\u00edctimas. En cualquier caso, un ataque con misiles contra un internado en el que podr\u00eda haberse alojado gente\u00a0<strong>es un crimen que no tiene perd\u00f3n ni prescripci\u00f3n<\/strong>\u00ab, concluy\u00f3.<\/p><p>Desde Mosc\u00fa han denunciado en repetidas ocasiones ataques selectivos de Kiev contra objetivos civiles, as\u00ed como<strong>\u00a0torturas, violaciones y ejecuciones<\/strong>\u00a0contra ciudadanos rusos. El Comit\u00e9 de Investigaci\u00f3n de Rusia\u00a0<a href=\"https:\/\/actualidad.rt.com\/actualidad\/538864-militar-ucraniano-macabros-crimenes-civiles-kursk\" target=\"_blank\" rel=\"nofollow noopener noreferrer\">revel\u00f3<\/a>\u00a0esta semana las atrocidades inhumanas del Ej\u00e9rcito ucraniano cometidas contra civiles rusos en la localidad de R\u00fasskoye Por\u00e9chnoye, en el distrito de Sudzha. Un soldado relat\u00f3 que su grupo viol\u00f3 a mujeres y mat\u00f3 a ancianos, at\u00e1ndolos en un s\u00f3tano y tirando una granada.\u00a0<\/p><p>\u00a0<\/p>\t\t\t\t\t\t\t\t<\/div>\n\t\t\t\t<\/div>\n\t\t\t\t\t<\/div>\n\t\t\t\t<\/div>\n\t\t\t\t<\/div>\n\t\t","protected":false},"excerpt":{"rendered":"<p>El gobernador en funciones de la provincia de Kursk denunci\u00f3 que lo ocurrido representa una \u00abatrocidad inhumana\u00bb que \u00abno tiene perd\u00f3n ni prescripci\u00f3n\u00bb. Ucrania ha lanzado este s\u00e1bado un ataque deliberado contra un internado en la ciudad rusa de Sudzha, en la provincia de Kursk,\u00a0inform\u00f3\u00a0el Ministerio de Defensa ruso. \u00abEl 1 de febrero, las Fuerzas [&hellip;]<\/p>\n","protected":false},"author":1,"featured_media":279,"comment_status":"closed","ping_status":"closed","sticky":false,"template":"","format":"standard","meta":{"footnotes":""},"categories":[2],"tags":[],"class_list":["post-271","post","type-post","status-publish","format-standard","has-post-thumbnail","hentry","category-internacional"],"_links":{"self":[{"href":"https:\/\/infonorte.com.ar\/index.php\/wp-json\/wp\/v2\/posts\/271","targetHints":{"allow":["GET"]}}],"collection":[{"href":"https:\/\/infonorte.com.ar\/index.php\/wp-json\/wp\/v2\/posts"}],"about":[{"href":"https:\/\/infonorte.com.ar\/index.php\/wp-json\/wp\/v2\/types\/post"}],"author":[{"embeddable":true,"href":"https:\/\/infonorte.com.ar\/index.php\/wp-json\/wp\/v2\/users\/1"}],"replies":[{"embeddable":true,"href":"https:\/\/infonorte.com.ar\/index.php\/wp-json\/wp\/v2\/comments?post=271"}],"version-history":[{"count":15,"href":"https:\/\/infonorte.com.ar\/index.php\/wp-json\/wp\/v2\/posts\/271\/revisions"}],"predecessor-version":[{"id":287,"href":"https:\/\/infonorte.com.ar\/index.php\/wp-json\/wp\/v2\/posts\/271\/revisions\/287"}],"wp:featuredmedia":[{"embeddable":true,"href":"https:\/\/infonorte.com.ar\/index.php\/wp-json\/wp\/v2\/media\/279"}],"wp:attachment":[{"href":"https:\/\/infonorte.com.ar\/index.php\/wp-json\/wp\/v2\/media?parent=271"}],"wp:term":[{"taxonomy":"category","embeddable":true,"href":"https:\/\/infonorte.com.ar\/index.php\/wp-json\/wp\/v2\/categories?post=271"},{"taxonomy":"post_tag","embeddable":true,"href":"https:\/\/infonorte.com.ar\/index.php\/wp-json\/wp\/v2\/tags?post=271"}],"curies":[{"name":"wp","href":"https:\/\/api.w.org\/{rel}","templated":true}]}}