{"id":244,"date":"2025-02-11T13:46:12","date_gmt":"2025-02-11T16:46:12","guid":{"rendered":"https:\/\/infonorte.com.ar\/?p=244"},"modified":"2025-02-11T13:56:30","modified_gmt":"2025-02-11T16:56:30","slug":"canciller-ruso-insto-a-apoyar-la-operacion-militar-en-ucrania-como-deber-sagrado-del-pais","status":"publish","type":"post","link":"https:\/\/infonorte.com.ar\/index.php\/2025\/02\/11\/canciller-ruso-insto-a-apoyar-la-operacion-militar-en-ucrania-como-deber-sagrado-del-pais\/","title":{"rendered":"Canciller ruso inst\u00f3 a apoyar la operaci\u00f3n militar en Ucrania como deber sagrado del pa\u00eds"},"content":{"rendered":"\n<figure class=\"wp-block-embed is-type-video is-provider-youtube wp-block-embed-youtube wp-embed-aspect-16-9 wp-has-aspect-ratio\"><div class=\"wp-block-embed__wrapper\">\n<iframe title=\"Canciller ruso inst\u00f3 a apoyar la operaci\u00f3n militar en Ucrania como deber sagrado del pa\u00eds\" width=\"770\" height=\"433\" src=\"https:\/\/www.youtube.com\/embed\/RXrOApvYL-s?feature=oembed\" frameborder=\"0\" allow=\"accelerometer; autoplay; clipboard-write; encrypted-media; gyroscope; picture-in-picture; web-share\" referrerpolicy=\"strict-origin-when-cross-origin\" allowfullscreen><\/iframe>\n<\/div><\/figure>\n\n\n\n<p>El ministro ruso de Asuntos Exteriores, Sergu\u00e9i Lavrov, manifest\u00f3 que contribuir a la plena consecuci\u00f3n de los objetivos de la operaci\u00f3n militar especial rusa es un deber sagrado com\u00fan.<\/p>\n\n\n\n<p><\/p>\n","protected":false},"excerpt":{"rendered":"<p>El ministro ruso de Asuntos Exteriores, Sergu\u00e9i Lavrov, manifest\u00f3 que contribuir a la plena consecuci\u00f3n de los objetivos de la operaci\u00f3n militar especial rusa es un deber sagrado com\u00fan.<\/p>\n","protected":false},"author":1,"featured_media":249,"comment_status":"closed","ping_status":"closed","sticky":false,"template":"","format":"standard","meta":{"footnotes":""},"categories":[2],"tags":[],"class_list":["post-244","post","type-post","status-publish","format-standard","has-post-thumbnail","hentry","category-internacional"],"_links":{"self":[{"href":"https:\/\/infonorte.com.ar\/index.php\/wp-json\/wp\/v2\/posts\/244","targetHints":{"allow":["GET"]}}],"collection":[{"href":"https:\/\/infonorte.com.ar\/index.php\/wp-json\/wp\/v2\/posts"}],"about":[{"href":"https:\/\/infonorte.com.ar\/index.php\/wp-json\/wp\/v2\/types\/post"}],"author":[{"embeddable":true,"href":"https:\/\/infonorte.com.ar\/index.php\/wp-json\/wp\/v2\/users\/1"}],"replies":[{"embeddable":true,"href":"https:\/\/infonorte.com.ar\/index.php\/wp-json\/wp\/v2\/comments?post=244"}],"version-history":[{"count":4,"href":"https:\/\/infonorte.com.ar\/index.php\/wp-json\/wp\/v2\/posts\/244\/revisions"}],"predecessor-version":[{"id":248,"href":"https:\/\/infonorte.com.ar\/index.php\/wp-json\/wp\/v2\/posts\/244\/revisions\/248"}],"wp:featuredmedia":[{"embeddable":true,"href":"https:\/\/infonorte.com.ar\/index.php\/wp-json\/wp\/v2\/media\/249"}],"wp:attachment":[{"href":"https:\/\/infonorte.com.ar\/index.php\/wp-json\/wp\/v2\/media?parent=244"}],"wp:term":[{"taxonomy":"category","embeddable":true,"href":"https:\/\/infonorte.com.ar\/index.php\/wp-json\/wp\/v2\/categories?post=244"},{"taxonomy":"post_tag","embeddable":true,"href":"https:\/\/infonorte.com.ar\/index.php\/wp-json\/wp\/v2\/tags?post=244"}],"curies":[{"name":"wp","href":"https:\/\/api.w.org\/{rel}","templated":true}]}}